{"id":16,"date":"2020-05-16T11:38:37","date_gmt":"2020-05-16T11:38:37","guid":{"rendered":"http:\/\/localhost\/bautista\/2020\/05\/16\/procesion-de-el-perdon\/"},"modified":"2021-03-04T16:08:03","modified_gmt":"2021-03-04T16:08:03","slug":"procesion-de-el-perdon","status":"publish","type":"post","link":"http:\/\/sanjuanbautista.es\/?p=16","title":{"rendered":"procesi\u00f3n de \u00abEl Perd\u00f3n\u00bb"},"content":{"rendered":"<p><strong>PRESIDENCIA EJECUTIVA DEL DESFILE<\/strong><\/p>\n<p>Vble. Hdad. de San Juan Bautista<\/p>\n<p class=\"t\" style=\"text-align: justify;\"><strong>ITINERARIO<\/strong> El cortejo procesional se inicia en la Iglesia Parroquial de El Salvador. A las 20:00 horas realiza su salida la Vble. Hdad. de San Juan Bautista. Tras \u00e9l, de la misma iglesia sale Sta. Mar\u00eda Magdalena perteneciente a la Vble. Hdad del Stmo. Cristo de la Luz (\u00fanica hermandad que desfila dos d\u00edas en la Semana Santa conquense). El breve cortejo asciende por la Calle Solera hasta la Calle del Peso, donde se incorpora la Vble. Hdad. de Mar\u00eda Stma. de la Esperanza. Las tres hermandades ascienden por la Calle Andr\u00e9s de Cabrera. Este a\u00f1o, y debido a las obras del final de la calle Alfonso VIII, la R.I.E de Jes\u00fas de Medinaceli, que parte de la Iglesia de San Felipe Neri, se incorporar\u00e1 y encabezar\u00e1 el desfile procesional hasta llegar a la Plaza Mayor, donde tras realizar un breve descanso se reanuda la procesi\u00f3n para continuar su recorrido.<\/p>\n<p class=\"t\" style=\"text-align: justify;\"><span class=\"t\">Anteriormente a este momento, la Vble. Hdad. Del Bautismo de Ntro. Sr. Jesucristo ha realizado su salida desde la Iglesia de San Pedro Ap\u00f3stol -alrededor de las 21:30 horas-, para unirse al cortejo en la Plaza Mayor, situ\u00e1ndose detr\u00e1s de la hermandad de San Juan Bautista, completando de esta forma, el vistoso desfile procesional del Martes Santo. <\/span><\/p>\n<p class=\"hover\" style=\"text-align: justify;\">La procesi\u00f3n desciende hasta la parte baja de la ciudad pasando por las calles de Alfonso VIII, realizando una breve parada, cada paso, frente a la Iglesia de San Felipe Neri para escuchar el canto del Miserere interpretado por el coro del Conservatorio, y del Stabat Mater a Mar\u00eda Stma de la Esperanza. Contin\u00faa su descenso por Andr\u00e9s de Cabrera, Puerta de San Juan y Palafox, accediendo a la parte llana y moderna de la ciudad por el Puente de la Trinidad. Pasa por las calles de Carreter\u00eda, Las Torres y Puerta de Valencia, para comenzar el ascenso hacia la Iglesia del Salvador, donde terminan recorrido San Juan Bautista y Mar\u00eda Magdalena. El resto de hermandades continuar\u00e1n hasta la Calle del Peso, donde se retirar\u00e1n las Hermandades de Ntra. Sra. de La Esperanza y del Bautismo de Ntro. Sr. Jesucristo, encerr\u00e1ndose en la antigua Iglesia de San Andr\u00e9s. Los esclavos de Jes\u00fas de Medinaceli proseguir\u00e1n en solitario hasta alcanzar el templo de salida, la Iglesia de San Felipe Neri, alrededor de las 3:00 de la madrugada.<\/p>\n<p>Ver <a href=\"http:\/\/maps.google.es\/maps\/ms?msa=0&amp;msid=216134236119624447059.00049ccca4ef7822ac7f1&amp;hl=es&amp;ie=UTF8&amp;t=m&amp;ll=40.075017,-2.133512&amp;spn=0.007172,0.007205&amp;source=embed\">Desfile Martes Santo<\/a><\/p>\n","protected":false},"excerpt":{"rendered":"<p>PRESIDENCIA EJECUTIVA DEL DESFILE Vble. Hdad. de San Juan Bautista ITINERARIO El cortejo procesional se inicia en la Iglesia Parroquial de El Salvador. A las 20:00 horas realiza su salida la Vble. Hdad. de San Juan Bautista. Tras \u00e9l, de la misma iglesia sale Sta. Mar\u00eda Magdalena perteneciente a la Vble. Hdad del Stmo. Cristo [&hellip;]<\/p>\n","protected":false},"author":1,"featured_media":0,"comment_status":"closed","ping_status":"closed","sticky":false,"template":"templates\/template-full-width.php","format":"standard","meta":{"footnotes":""},"categories":[6],"tags":[],"class_list":["post-16","post","type-post","status-publish","format-standard","hentry","category-hermandad"],"_links":{"self":[{"href":"http:\/\/sanjuanbautista.es\/index.php?rest_route=\/wp\/v2\/posts\/16","targetHints":{"allow":["GET"]}}],"collection":[{"href":"http:\/\/sanjuanbautista.es\/index.php?rest_route=\/wp\/v2\/posts"}],"about":[{"href":"http:\/\/sanjuanbautista.es\/index.php?rest_route=\/wp\/v2\/types\/post"}],"author":[{"embeddable":true,"href":"http:\/\/sanjuanbautista.es\/index.php?rest_route=\/wp\/v2\/users\/1"}],"replies":[{"embeddable":true,"href":"http:\/\/sanjuanbautista.es\/index.php?rest_route=%2Fwp%2Fv2%2Fcomments&post=16"}],"version-history":[{"count":2,"href":"http:\/\/sanjuanbautista.es\/index.php?rest_route=\/wp\/v2\/posts\/16\/revisions"}],"predecessor-version":[{"id":139,"href":"http:\/\/sanjuanbautista.es\/index.php?rest_route=\/wp\/v2\/posts\/16\/revisions\/139"}],"wp:attachment":[{"href":"http:\/\/sanjuanbautista.es\/index.php?rest_route=%2Fwp%2Fv2%2Fmedia&parent=16"}],"wp:term":[{"taxonomy":"category","embeddable":true,"href":"http:\/\/sanjuanbautista.es\/index.php?rest_route=%2Fwp%2Fv2%2Fcategories&post=16"},{"taxonomy":"post_tag","embeddable":true,"href":"http:\/\/sanjuanbautista.es\/index.php?rest_route=%2Fwp%2Fv2%2Ftags&post=16"}],"curies":[{"name":"wp","href":"https:\/\/api.w.org\/{rel}","templated":true}]}}